{"id":1652,"date":"2018-04-21T19:11:26","date_gmt":"2018-04-21T17:11:26","guid":{"rendered":"https:\/\/educazione.gesuiti.it\/?p=1652"},"modified":"2018-04-21T19:11:26","modified_gmt":"2018-04-21T17:11:26","slug":"torino-ecco-i-finalisti-di-diamoci-un-tono-2018","status":"publish","type":"post","link":"https:\/\/www.gesuitieducazione.it\/en\/torino-ecco-i-finalisti-di-diamoci-un-tono-2018\/","title":{"rendered":"Torino. Ecco i finalisti di &#8220;Diamoci un tono 2018&#8221;"},"content":{"rendered":"<p>Il concorso musicale per gli studenti delle scuole secondarie di 1\u00ba e 2\u00ba grado della nostra Rete Gesuiti Educazione giunge alla terza fase del suo svolgimento per questa ottava edizione.<\/p>\n<p>Nel mese di marzo le giurie interne a ognuna delle scuole partecipanti avevano selezionato tra i propri ragazzi di scuola secondaria di primo e secondo grado i concorrenti (cantanti, strumentisti o band) da ammettere alla fase delle semifinali. I video dei semifinalisti sono poi stati pubblicati online da ciascuna scuola e da venerd\u00ec 13 aprile a luned\u00ec 16 aprile le giurie di ciascuna scuola hanno votato per i semifinalisti di tutte le altre scuole, selezionando cos\u00ec i finalisti annunciati durante l&#8217;hangout di mercoled\u00ec 18 aprile.<\/p>\n<p>I finalisti di ogni scuola parteciperanno alla SERATA FINALE a Torino presso l\u2019Istituto Sociale il venerd\u00ec 18 maggio. Ricordiamo che la serata finale sar\u00e0 trasmessa in DIRETTA STREAMING sulla <a href=\"https:\/\/www.facebook.com\/DalPapa\">pagina Facebook della Fondazione Gesuiti Educazione<\/a>.<\/p>\n<p>Il livello, l&#8217;entusiasmo e la simpatia di tutti i concorrenti sono stati davvero eccezionali ed eccellenti. Purtroppo il concorso necessariamente prevede una selezione, ma a tutti coloro che hanno partecipato vanno i complimenti pi\u00f9 sinceri! E ai finalisti, ovviamente, doppi complimenti e anche un &#8220;in bocca al lupo!&#8221; per la serata finale!<\/p>\n<p>COMPLIMENTI vivissimi anche all&#8217;Istituto Gonzaga di Palermo e al Liceo Meshkalla di Scutari (Albania) per avere ottenuto la media di valutazioni pi\u00f9 alta come scuola, riportando un puntaggio medio complessivo per tutti i propri semifinalisti rispettivamente pari a 8,19 e 8,15 (su 10).<\/p>\n<p>Di seguito ecco i nomi, suddivisi per scuola, dei finalisti in ordine di graduatoria. Cliccando sul nome di ciascuno \u00e8 possibile vedere il VIDEO dell&#8217;esibizione con cui si sono presentati alle semifinali.<\/p>\n<p><strong>ISTITUTO &#8220;Ate Pjet\u00ebr Meshkalla&#8221; &#8211; SCUTARI<\/strong><\/p>\n<ol>\n<li><a href=\"https:\/\/www.youtube.com\/watch?v=wNF_0fFxVvg\">Rigersa Zefi Hasani<\/a> &#8211; Cantante<\/li>\n<li><a href=\"https:\/\/www.youtube.com\/watch?v=FxkK9VuyLFc\">Xhorxh Buja<\/a> &#8211; Cantante<\/li>\n<li><a href=\"https:\/\/www.youtube.com\/watch?v=EfiJreqwzrc\">Gjergj Ndoj<\/a> &#8211; Cantante<\/li>\n<li><a href=\"https:\/\/www.youtube.com\/watch?v=GHGt2gfhg8c\">Stela Shiroka<\/a> &#8211; Cantante<\/li>\n<\/ol>\n<p><strong>ISTITUTO LEONE XIII MILANO<\/strong><\/p>\n<ol>\n<li><a href=\"https:\/\/youtu.be\/EhA_-96Vp3Q\">Pragliola Sofia<\/a> &#8211; Cantante\/Band LICEI<\/li>\n<li><a href=\"https:\/\/youtu.be\/YMrkRGjKTIQ\">Lonoce Arianna<\/a> &#8211; Strumentista SEC. I GRADO<\/li>\n<li><a href=\"https:\/\/youtu.be\/8vb5euYXnak\">Carissimi Lorenzo<\/a> &#8211; Cantante LICEI<\/li>\n<li><a href=\"https:\/\/youtu.be\/ANUkTIyOnMQ\">Band JABBERWOCKS<\/a> &#8211; Band LICEI<\/li>\n<li><a href=\"https:\/\/youtu.be\/K3CXZrhBD4o\">Five Elements<\/a> &#8211; Band SEC. I GRADO<\/li>\n<\/ol>\n<p><strong>ISTITUTO MASSIMO ROMA<\/strong><\/p>\n<ol>\n<li><a href=\"https:\/\/youtu.be\/qJ4nr8iPsnU\">Chiara Pietroboni<\/a> &#8211; Cantante LICEI<\/li>\n<li><a href=\"https:\/\/youtu.be\/MswlUFNIFFM\">Elisabetta Orsini<\/a> &#8211; Cantante LICEI<\/li>\n<li><a href=\"https:\/\/youtu.be\/kXLOP97Ff48\">Leonardo Delleani<\/a> &#8211; Cantante LICEI<\/li>\n<li><a href=\"https:\/\/youtu.be\/QOlQM9gXj_k\">Riccardo Santangelo<\/a> &#8211; Strumentista SEC. I GRADO<\/li>\n<li><a href=\"https:\/\/youtu.be\/ND70BkB2RLE\">Sofia Mancini<\/a> &#8211; Cantante SEC. I GRADO<\/li>\n<\/ol>\n<p><strong>ISTITUTO PONTANO NAPOLI<\/strong><\/p>\n<ol>\n<li><a href=\"https:\/\/www.youtube.com\/watch?v=WjrK7FidL80\">Alessandra Greco<\/a> &#8211; Cantante<\/li>\n<li><a href=\"https:\/\/youtu.be\/TFq4zLhev-Q\">Pontano Music Academy<\/a> &#8211; Band<\/li>\n<li><a href=\"https:\/\/youtu.be\/VFoBrtWQ-0c\">Lorenza Pera<\/a> &#8211; Strumentista<\/li>\n<\/ol>\n<p><strong>ISTITUTO SANT&#8217;IGNAZIO MESSINA<\/strong><\/p>\n<ol>\n<li><a href=\"https:\/\/youtu.be\/4oy7Aycc58U\"> Caterina Palmieri<\/a> &#8211; Cantante SEC. I GRADO<\/li>\n<li><a href=\"https:\/\/youtu.be\/QqMOa5557fU\">Noemi Garito<\/a> &#8211; Cantante SEC. I GRADO<\/li>\n<li><a href=\"https:\/\/youtu.be\/YMiWUE1TYBs\">Francesco Palma<\/a> &#8211; Cantante SEC. I GRADO<\/li>\n<li><a href=\"https:\/\/youtu.be\/yI1_JTEtBZo\">Marco Giglietta<\/a> &#8211; Cantante SEC. I GRADO<\/li>\n<\/ol>\n<p><strong>ISTITUTO GONZAGA PALERMO<\/strong><\/p>\n<ol>\n<li><a href=\"https:\/\/youtu.be\/3CuVO8Gs3Bc\"> Iolanda Falanga e Giovanni Gioia<\/a> &#8211; LICEI<\/li>\n<li><a href=\"https:\/\/youtu.be\/AHa8fAeEXn0\">Aurora Lo Piccolo e Elisa Rinella<\/a> &#8211; LICEI<\/li>\n<li><a href=\"https:\/\/youtu.be\/ixtUHSTX6_Q\">Giorgia Cuttitta e Costanza Cardinale<\/a> &#8211; LICEI<\/li>\n<li><a href=\"https:\/\/youtu.be\/k9rMdTbBJT8\">Coro del Gonzaga<\/a> &#8211; SEC. I GRADO<\/li>\n<li><a href=\"https:\/\/youtu.be\/VTOHBKK8Yg8\">Aurora Pellino<\/a> &#8211; SEC. I GRADO<\/li>\n<\/ol>\n<p><strong>ISTITUTO SOCIALE TORINO<\/strong><\/p>\n<ol>\n<li>\u00a0<a href=\"https:\/\/youtu.be\/eZAndzh3SxI\">Alessandro Carrera<\/a> &#8211; Strumentista LICEI<\/li>\n<li><a href=\"https:\/\/youtu.be\/Mw0LeDR4lEQ\">Carrera \/ Cocola<\/a> &#8211; Band LICEI<\/li>\n<li><a href=\"https:\/\/youtu.be\/F38a2cu4ZPg\">Federico Giannella<\/a> &#8211; Strumentista SEC. I GRADO<\/li>\n<li><a href=\"https:\/\/youtu.be\/w8Um0__dptM\">Matteo Genuino<\/a> &#8211; Cantante LICEI<\/li>\n<li><a href=\"https:\/\/youtu.be\/xfHrMB4K00g\">Lorenzo Zappa<\/a> &#8211; Cantante SEC. I GRADO<\/li>\n<\/ol>\n<p><a href=\"https:\/\/educazione.gesuiti.it\/wp-content\/uploads\/sites\/9\/2018\/04\/2018_04_06_diamoci-un-tono.jpg\"><img loading=\"lazy\" decoding=\"async\" class=\"aligncenter size-full wp-image-1634\" src=\"https:\/\/educazione.gesuiti.it\/wp-content\/uploads\/sites\/9\/2018\/04\/2018_04_06_diamoci-un-tono.jpg\" alt=\"Diamoci un tono\" width=\"480\" height=\"480\" srcset=\"https:\/\/www.gesuitieducazione.it\/wp-content\/uploads\/2018\/04\/2018_04_06_diamoci-un-tono.jpg 480w, https:\/\/www.gesuitieducazione.it\/wp-content\/uploads\/2018\/04\/2018_04_06_diamoci-un-tono-300x300.jpg 300w, https:\/\/www.gesuitieducazione.it\/wp-content\/uploads\/2018\/04\/2018_04_06_diamoci-un-tono-150x150.jpg 150w\" sizes=\"(max-width: 480px) 100vw, 480px\" \/><\/a><\/p>\n<p>&nbsp;<\/p>\n","protected":false},"excerpt":{"rendered":"<p>Mercoled\u00ec 18 aprile alle ore 13,30, durante un hangout tra le scuole, sono stati annunciati i nomi dei finalisti dell&#8217;edizione 2018 del concorso musicale &#8220;Diamoci un tono&#8221;.<\/p>\n","protected":false},"author":4,"featured_media":1655,"comment_status":"closed","ping_status":"open","sticky":false,"template":"","format":"standard","meta":{"_acf_changed":false,"footnotes":""},"categories":[10],"tags":[],"istituto":[],"partner":[],"class_list":["post-1652","post","type-post","status-publish","format-standard","has-post-thumbnail","hentry","category-notizie"],"acf":[],"_links":{"self":[{"href":"https:\/\/www.gesuitieducazione.it\/en\/wp-json\/wp\/v2\/posts\/1652"}],"collection":[{"href":"https:\/\/www.gesuitieducazione.it\/en\/wp-json\/wp\/v2\/posts"}],"about":[{"href":"https:\/\/www.gesuitieducazione.it\/en\/wp-json\/wp\/v2\/types\/post"}],"author":[{"embeddable":true,"href":"https:\/\/www.gesuitieducazione.it\/en\/wp-json\/wp\/v2\/users\/4"}],"replies":[{"embeddable":true,"href":"https:\/\/www.gesuitieducazione.it\/en\/wp-json\/wp\/v2\/comments?post=1652"}],"version-history":[{"count":0,"href":"https:\/\/www.gesuitieducazione.it\/en\/wp-json\/wp\/v2\/posts\/1652\/revisions"}],"wp:featuredmedia":[{"embeddable":true,"href":"https:\/\/www.gesuitieducazione.it\/en\/wp-json\/wp\/v2\/media\/1655"}],"wp:attachment":[{"href":"https:\/\/www.gesuitieducazione.it\/en\/wp-json\/wp\/v2\/media?parent=1652"}],"wp:term":[{"taxonomy":"category","embeddable":true,"href":"https:\/\/www.gesuitieducazione.it\/en\/wp-json\/wp\/v2\/categories?post=1652"},{"taxonomy":"post_tag","embeddable":true,"href":"https:\/\/www.gesuitieducazione.it\/en\/wp-json\/wp\/v2\/tags?post=1652"},{"taxonomy":"istituto","embeddable":true,"href":"https:\/\/www.gesuitieducazione.it\/en\/wp-json\/wp\/v2\/istituto?post=1652"},{"taxonomy":"partner","embeddable":true,"href":"https:\/\/www.gesuitieducazione.it\/en\/wp-json\/wp\/v2\/partner?post=1652"}],"curies":[{"name":"wp","href":"https:\/\/api.w.org\/{rel}","templated":true}]}}