{"id":1646,"date":"2018-04-15T20:27:07","date_gmt":"2018-04-15T18:27:07","guid":{"rendered":"https:\/\/educazione.gesuiti.it\/?p=1646"},"modified":"2021-12-21T14:14:59","modified_gmt":"2021-12-21T12:14:59","slug":"roma-due-nuove-proposte-pastorali-per-lestate-2018","status":"publish","type":"post","link":"https:\/\/www.gesuitieducazione.it\/en\/roma-due-nuove-proposte-pastorali-per-lestate-2018\/","title":{"rendered":"Roma. Due nuove proposte pastorali per l&#8217;estate 2018"},"content":{"rendered":"<p>Punto di partenza, nella riflessione, \u00e8 stata l\u2019esperienza del Kairos, risultata fondamentale per tantissimi studenti, tanto da sembrare opportuno e doveroso metter su un \u201ccantiere\u201d che potesse valorizzarla.<\/p>\n<p>Con questo spirito, sono nate queste due proposte estive di cammino, rivolte, rispettivamente, agli studenti del III e del V anno della secondaria di secondo grado in Italia. Le stesse iniziative sono declinate in Albania e a Malta, secondo le peculiarit\u00e0 di ciascun Istituto.<\/p>\n<p>PROPOSTA 1: &#8220;DE CAMINO ENTRE JAVIER Y LOYOLA&#8221; &#8211; INSTABILIT\u00c0 E TRASGRESSIONE: GESUITI E SCELTE &#8211; dal 19\/07\/2018 al 28\/07\/2018<\/p>\n<p>PROPOSTA 2: &#8220;DE CAMINO A SANTIAGO&#8221; &#8211; SERVONO RADICI E ALI: SCELGO DIO &#8211; da 29\/07\/2018 al 10\/08\/2018<\/p>\n<p>Sono pensate in modo da rappresentare, per un verso, una introduzione alla vita spirituale, mentre, dall\u2019altro, una definizione dei processi di discernimento e delle scelte di vita, con proiezione verso il futuro dei nostri studenti.<\/p>\n<p>Sono iniziative, chiaramente, sperimentali, che insieme valuteremo a fine estate e che hanno il grande vantaggio di recuperare attivit\u00e0 che, in vario modo e da diversi Istituti, gi\u00e0 venivano proposte, dando per\u00f2 struttura unitaria e alleggerendo, in prospettiva, il carico di lavoro delle \u00e9quipe di Pastorale delle singole scuole. Saranno, in totale, 16 le domande di partecipazione che verranno accolte per ogni scuola, 8 per ogni cammino: il numero limitato permetter\u00e0 una pi\u00f9 tranquilla sperimentazione.<\/p>\n<p>La vera novit\u00e0 \u00e8, per\u00f2, rappresentata dagli accompagnatori: saranno, infatti, diversi universitari ignaziani ad accompagnare i nostri studenti, seguiti da un piccolo gruppo di insegnanti e gesuiti. Un\u2019occasione di integrazione tra il percorso scolastico e quello universitario, con la partecipazione, inoltre, di alcuni ex-alunni e amici ignaziani, giovani-adulti, che forniranno gratuitamente il servizio di assistenza medica e di cucina per tutta la durata dei cammini.<\/p>\n<p>Questi contributi, preziosi e significativi, ci aiuteranno a crescere nello \u201cspirito di famiglia\u201d e permetteranno anche di tenere bassi i costi delle attivit\u00e0, evitando cos\u00ec di gravare oltremodo sulle famiglie dei nostri studenti. Sempre con questo fine, \u00e8 stata lanciata una attivit\u00e0 di fundraising che coinvolger\u00e0 scuole, parrocchie e altre realt\u00e0 della Compagnia e della Chiesa: si mette in cammino chi sa di avere bisogno, di trovarsi in necessit\u00e0. \u201cElemosinare\u201d il sostegno di comunit\u00e0, di amici e di familiari risulter\u00e0, in questo senso, estremamente formativo, tanto per gli universitari come per i nostri studenti, ferma restando la sussidiariet\u00e0 delle Rete che \u00e8 opportunamente prevista per tutte quelle situazioni che pi\u00f9 la necessiteranno.<\/p>\n<p>Nella dinamica ignaziana \u201cesterno-interno-esterno\u201d proveremo, in questo modo, a comporre uno \u201czoccolo duro\u201d delle proposte della Pastorale: il sentiero che porta a Santiago si presta bene a farsi metafora del \u201ccammino della vita\u201d nelle dimensioni spirituali che la innervano. Preparer\u00e0, cos\u00ec, al Kairos come ad un \u201cviaggio verso l\u2019interno\u201d della storia personale, spirituale e affettiva dei nostri studenti. Il cammino tra Javier e Loyola, ci proietter\u00e0, infine, in avanti, verso le nuove sfide, universitarie e di vita, con l\u2019aiuto delle biografie dei nostri Padri, Ignazio e Francesco, maestri \u201cpellegrini\u201d tra equilibrio e instabilit\u00e0, ordine e trasgressione, intraprendenza e prudenza.<\/p>\n<p>Proprio a loro, a Ignazio e Francesco, affidiamo queste due nuove iniziative per la maggior Gloria di Dio.<\/p>\n<p>P. Salvo Collura SJ<\/p>\n<p><a href=\"https:\/\/educazione.gesuiti.it\/wp-content\/uploads\/sites\/9\/2018\/04\/2018_04_16_Santiago.jpg\"><img loading=\"lazy\" decoding=\"async\" class=\"aligncenter size-full wp-image-1647\" src=\"https:\/\/educazione.gesuiti.it\/wp-content\/uploads\/sites\/9\/2018\/04\/2018_04_16_Santiago.jpg\" alt=\"\" width=\"460\" height=\"479\" srcset=\"https:\/\/www.gesuitieducazione.it\/wp-content\/uploads\/2018\/04\/2018_04_16_Santiago.jpg 460w, https:\/\/www.gesuitieducazione.it\/wp-content\/uploads\/2018\/04\/2018_04_16_Santiago-288x300.jpg 288w\" sizes=\"(max-width: 460px) 100vw, 460px\" \/><\/a> <a href=\"https:\/\/educazione.gesuiti.it\/wp-content\/uploads\/sites\/9\/2018\/04\/2018_04_16_Santiago-e-Loyol.jpg\"><img loading=\"lazy\" decoding=\"async\" class=\"aligncenter size-medium wp-image-1648\" src=\"https:\/\/educazione.gesuiti.it\/wp-content\/uploads\/sites\/9\/2018\/04\/2018_04_16_Santiago-e-Loyol.jpg\" alt=\"\" width=\"464\" height=\"462\" srcset=\"https:\/\/www.gesuitieducazione.it\/wp-content\/uploads\/2018\/04\/2018_04_16_Santiago-e-Loyol.jpg 464w, https:\/\/www.gesuitieducazione.it\/wp-content\/uploads\/2018\/04\/2018_04_16_Santiago-e-Loyol-300x300.jpg 300w, https:\/\/www.gesuitieducazione.it\/wp-content\/uploads\/2018\/04\/2018_04_16_Santiago-e-Loyol-150x150.jpg 150w\" sizes=\"(max-width: 464px) 100vw, 464px\" \/><\/a><\/p>\n","protected":false},"excerpt":{"rendered":"<p>Nel quadro di un complessivo rilancio delle proposte Pastorali della Rete, in questi giorni, nelle nostre scuole, i nostri studenti stanno ricevendo l\u2019invito a due esperienze \u201cinnovative\u201d per l\u2019estate 2018. Si tratta di due proposte di cammino: la prima da Astorga a Santiago (29 Luglio \u2013 10 Agosto) e la seconda da Javier a Loyola (19 \u2013 28 Luglio).<\/p>\n","protected":false},"author":4,"featured_media":1649,"comment_status":"closed","ping_status":"open","sticky":false,"template":"","format":"standard","meta":{"_acf_changed":false,"footnotes":""},"categories":[258],"tags":[],"istituto":[],"partner":[],"class_list":["post-1646","post","type-post","status-publish","format-standard","has-post-thumbnail","hentry","category-attivita"],"acf":[],"_links":{"self":[{"href":"https:\/\/www.gesuitieducazione.it\/en\/wp-json\/wp\/v2\/posts\/1646"}],"collection":[{"href":"https:\/\/www.gesuitieducazione.it\/en\/wp-json\/wp\/v2\/posts"}],"about":[{"href":"https:\/\/www.gesuitieducazione.it\/en\/wp-json\/wp\/v2\/types\/post"}],"author":[{"embeddable":true,"href":"https:\/\/www.gesuitieducazione.it\/en\/wp-json\/wp\/v2\/users\/4"}],"replies":[{"embeddable":true,"href":"https:\/\/www.gesuitieducazione.it\/en\/wp-json\/wp\/v2\/comments?post=1646"}],"version-history":[{"count":1,"href":"https:\/\/www.gesuitieducazione.it\/en\/wp-json\/wp\/v2\/posts\/1646\/revisions"}],"predecessor-version":[{"id":4581,"href":"https:\/\/www.gesuitieducazione.it\/en\/wp-json\/wp\/v2\/posts\/1646\/revisions\/4581"}],"wp:featuredmedia":[{"embeddable":true,"href":"https:\/\/www.gesuitieducazione.it\/en\/wp-json\/wp\/v2\/media\/1649"}],"wp:attachment":[{"href":"https:\/\/www.gesuitieducazione.it\/en\/wp-json\/wp\/v2\/media?parent=1646"}],"wp:term":[{"taxonomy":"category","embeddable":true,"href":"https:\/\/www.gesuitieducazione.it\/en\/wp-json\/wp\/v2\/categories?post=1646"},{"taxonomy":"post_tag","embeddable":true,"href":"https:\/\/www.gesuitieducazione.it\/en\/wp-json\/wp\/v2\/tags?post=1646"},{"taxonomy":"istituto","embeddable":true,"href":"https:\/\/www.gesuitieducazione.it\/en\/wp-json\/wp\/v2\/istituto?post=1646"},{"taxonomy":"partner","embeddable":true,"href":"https:\/\/www.gesuitieducazione.it\/en\/wp-json\/wp\/v2\/partner?post=1646"}],"curies":[{"name":"wp","href":"https:\/\/api.w.org\/{rel}","templated":true}]}}