{"id":1345,"date":"2017-06-05T09:00:02","date_gmt":"2017-06-05T07:00:02","guid":{"rendered":"http:\/\/educazione.gesuiti.it\/?p=1345"},"modified":"2021-12-21T14:15:42","modified_gmt":"2021-12-21T12:15:42","slug":"stonyhurst-esperienza-mi-cambiato-la-vita","status":"publish","type":"post","link":"https:\/\/www.gesuitieducazione.it\/en\/stonyhurst-esperienza-mi-cambiato-la-vita\/","title":{"rendered":"Stonyhurst. Una esperienza che mi ha cambiato la vita"},"content":{"rendered":"<p>Sono sempre stata una sognatrice, ho vissuto di ideali aspirando al bello e al giusto. Fin da quando ero piccola ho vissuto con gli occhi di chi guarda qualcosa che spera costantemente di raggiungere, anche quando nel profondo sa che questo non sar\u00e0 possibile.<\/p>\n<p>Eppure non sarei mai riuscita a raggiungere ci\u00f2 che oggi sto provando per davvero e per la prima volta, seduta qui a scrivere ascoltando musica nella mia camera, lontana da casa e dalle mie abitudini, se non qui, in un luogo che, dal primo momento in cui sono entrata, mi ha cambiato la vita.<\/p>\n<p>Potrebbe sembrare inappropriato dire che non avevo mai prestato cos\u00ec tanta attenzione a quanto il tempo passi in fretta, ma la mia esperienza qui a Stonyhurst mi ha mostrato quanto il tempo effettivamente possa correre veloce e irrecuperabile. Sono arrivata al Collegio mesi fa, e adesso, pensando ai giorni che mancano prima delle vacanze e, dunque, alla fine di questa esperienza, mi rendo conto di quanto vorrei avere l\u2019opportunit\u00e0 di ricominciare da capo,\u00a0di rivivere ogni momento, di quanto vorrei sfogliare le pagine del calendario a ritroso e ritornare all\u2019esatto momento in cui dalla macchina vidi l\u2019imponente facciata dell\u2019edificio.<\/p>\n<p>\u00c8 solo da pochi giorni che abbiamo completato i nostri esami. L\u2019agitazione e la paura che abbiamo provato sono ora svaniti, ma tutti abbiamo iniziato a lasciare spazio a emozioni paradossalmente ancora pi\u00f9 forti di quanto io potessi solo immaginare. \u00c8 assurdo pensare quanto la mia paura di iniziare questa esperienza cos\u00ec lontano da casa, con nessuno su cui poter contare e in cui confidare per iniziare, con il timore di non essere accettata e di non farcela, si sia trasformata col tempo nel desiderio di rimanere, nel sentimento di tristezza, che cresce ogni giorno, per dovermene andare da qui, nel timore di dover lasciare Stonyhurst a luglio, di dimenticarmi di tutto quello che ho imparato e vissuto. E non mi riferisco solo alle materie o agli argomenti trattati durante le lezioni. Parlo del valore dell\u2019amicizia, del venir meno dei pregiudizi e delle finzioni, dell\u2019abbattimento dei muri, del valore di conoscere la diversit\u00e0, del dischiudersi agli occhi di nuove strade percorribili e di possibilit\u00e0 mai immaginate prima. Ho imparato a dimenticare la timidezza e la paura di sbagliare, a crescere e a maturare, a credere in me stessa. Ho imparato quanto sia importante collaborare, vivere e crescere insieme, come in una grande famiglia. Perch\u00e9 di fatto, per me Stonyhurst una vera seconda famiglia lo \u00e8 diventata.<\/p>\n<p>Potrebbe sembrare una di quelle frasi banali che si sentono pronunciare nei film sulla vita da College, ma venendo qui ho capito che al di l\u00e0 delle parole che si possono dire o ascoltare a proposito, al di l\u00e0 del lato accademico, vi \u00e8 veramente un contenuto fatto di sostanza e umanit\u00e0. Stando qui, fin dal primo momento, non ho solo \u00abfrequentato\u00bb il College; ci ho vissuto. Ho vissuto con persone di tutte le nazionalit\u00e0, con ragazze e ragazzi provenienti da tutta Italia e da Collegi come il mio a Messina; con loro ho condiviso ogni pasto e quasi ogni momento della giornata. Con il loro sostegno ho fatto fronte alle necessit\u00e0 e sento di essere diventata pi\u00f9 forte, cos\u00ec come io sono stata, spero, di sostegno per altri. Per dirla in breve, sono cresciuta, o sento di esserlo. E alcune di queste persone sono diventate indimenticabili.\u00a0Veramente non trovo nessun altro modo per definire cos\u00ec tante persone legate da qualcosa di cos\u00ec forte, se non ricorrendo alla parola \u00abfamiglia\u00bb.<\/p>\n<p>E queste mura, antiche e nobili eppure ora quasi amiche, familiari, custodiranno per sempre, come un prezioso scrigno, tutto quello che insieme abbiamo vissuto: ogni risata, ogni sguardo di intesa nei corridoi o durante le lezioni, ogni abbraccio. Ogni momento rimarr\u00e0 qui. E potrebbe sembrare triste da un lato, ma so anche bene fin da ora che con me non porter\u00f2 indietro soltanto le foto scattate, e che quanto ho vissuto continuer\u00e0 a crescere in me e a dare frutti nel tempo a venire.<\/p>\n<p>Ricorder\u00f2 le corse per arrivare in orario, le chiacchierate la sera prima di andare a dormire, i picnic ai campi da golf, i canti, i momenti di relax trascorsi nella Poetry Common Room, i tubi caldi del corridoio, le scale, le aule, le camere. Ricorder\u00f2 i momenti di sconforto, le nottate trascorse a studiare, le mattine colme di agitazione. Ricorder\u00f2 ogni caduta e ogni volta in cui, grazie all\u2019aiuto degli amici trovati qui, mi sono rialzata; ricorder\u00f2 le passeggiate, le battute, i sorrisi e le domeniche trascorse in Library a studiare o solo a leggere. E ammetto che alcune cose possano sembrare banali, forse alcune neanche realmente comprensibili, ma nella loro semplicit\u00e0 sono veramente importanti.\u00a0 Ed \u00e8 forse anche questo il bello: il condividere cose che solo coloro che le hanno vissute con te possono capire fino in fondo.<\/p>\n<p>Come ho scritto, sono sempre stata una sognatrice, e sono sicura che tantissime altre ragazze e ragazzi lo siano. Ma sognare non basta. E non basta guardare film, leggere libri o ascoltare racconti di altri per capire cosa veramente si provi durante un\u2019esperienza tale. Ci sono molte sensazioni ed emozioni che vorrei riuscire a condividere, ma che a parole non riuscirei comunque ad esprimere. Ma una cosa di cui riesco a avere certezza fin da ora \u00e8 che ogni momento vissuto qui rimarr\u00e0 per sempre un ricordo vivido nella mia mente, e che questo ricordo maturer\u00e0 in me nella consapevolezza di quanto ampio sia l\u2019orizzonte che si apre alla coscienza e alle aspirazioni di ognuno di noi.<\/p>\n<p>L.D.S.<\/p>\n<p><img loading=\"lazy\" decoding=\"async\" class=\"aligncenter size-full wp-image-1347\" src=\"http:\/\/educazione.gesuiti.it\/wp-content\/uploads\/sites\/9\/2017\/06\/2017_06_04_stonyhurst_Chiar.jpg\" alt=\"\" width=\"440\" height=\"315\" srcset=\"https:\/\/www.gesuitieducazione.it\/wp-content\/uploads\/2017\/06\/2017_06_04_stonyhurst_Chiar.jpg 440w, https:\/\/www.gesuitieducazione.it\/wp-content\/uploads\/2017\/06\/2017_06_04_stonyhurst_Chiar-300x215.jpg 300w\" sizes=\"(max-width: 440px) 100vw, 440px\" \/><\/p>\n","protected":false},"excerpt":{"rendered":"<p>Anche a Stonyhurst si sta concludendo l&#8217;anno scolastico e cos\u00ec sta terminando l&#8217;esperienza vissuta da un bel gruppo di studenti della rete Gesuiti Educazione che hanno trascorso il quarto anno di Liceo nel prestigioso college inglese dei gesuiti. Oggi pubblichiamo il racconto\/testimonianza di Chiara, studentessa dal Collegio Sant&#8217;Ignazio di Messina, che nello spettacolo di danza annuale a Stonyhurst ha rappresentato con grande successo la Alice Liddel di &#8220;Through the Looking-Glass&#8221;.<\/p>\n","protected":false},"author":4,"featured_media":1346,"comment_status":"closed","ping_status":"open","sticky":false,"template":"","format":"standard","meta":{"_acf_changed":false,"footnotes":""},"categories":[258],"tags":[57,76],"istituto":[],"partner":[],"class_list":["post-1345","post","type-post","status-publish","format-standard","has-post-thumbnail","hentry","category-attivita","tag-stonyhurst","tag-collegio-s-ignazio"],"acf":[],"_links":{"self":[{"href":"https:\/\/www.gesuitieducazione.it\/en\/wp-json\/wp\/v2\/posts\/1345"}],"collection":[{"href":"https:\/\/www.gesuitieducazione.it\/en\/wp-json\/wp\/v2\/posts"}],"about":[{"href":"https:\/\/www.gesuitieducazione.it\/en\/wp-json\/wp\/v2\/types\/post"}],"author":[{"embeddable":true,"href":"https:\/\/www.gesuitieducazione.it\/en\/wp-json\/wp\/v2\/users\/4"}],"replies":[{"embeddable":true,"href":"https:\/\/www.gesuitieducazione.it\/en\/wp-json\/wp\/v2\/comments?post=1345"}],"version-history":[{"count":1,"href":"https:\/\/www.gesuitieducazione.it\/en\/wp-json\/wp\/v2\/posts\/1345\/revisions"}],"predecessor-version":[{"id":4587,"href":"https:\/\/www.gesuitieducazione.it\/en\/wp-json\/wp\/v2\/posts\/1345\/revisions\/4587"}],"wp:featuredmedia":[{"embeddable":true,"href":"https:\/\/www.gesuitieducazione.it\/en\/wp-json\/wp\/v2\/media\/1346"}],"wp:attachment":[{"href":"https:\/\/www.gesuitieducazione.it\/en\/wp-json\/wp\/v2\/media?parent=1345"}],"wp:term":[{"taxonomy":"category","embeddable":true,"href":"https:\/\/www.gesuitieducazione.it\/en\/wp-json\/wp\/v2\/categories?post=1345"},{"taxonomy":"post_tag","embeddable":true,"href":"https:\/\/www.gesuitieducazione.it\/en\/wp-json\/wp\/v2\/tags?post=1345"},{"taxonomy":"istituto","embeddable":true,"href":"https:\/\/www.gesuitieducazione.it\/en\/wp-json\/wp\/v2\/istituto?post=1345"},{"taxonomy":"partner","embeddable":true,"href":"https:\/\/www.gesuitieducazione.it\/en\/wp-json\/wp\/v2\/partner?post=1345"}],"curies":[{"name":"wp","href":"https:\/\/api.w.org\/{rel}","templated":true}]}}