{"id":1308,"date":"2017-03-29T17:48:12","date_gmt":"2017-03-29T15:48:12","guid":{"rendered":"http:\/\/educazione.gesuiti.it\/?p=1308"},"modified":"2017-03-29T17:48:12","modified_gmt":"2017-03-29T15:48:12","slug":"roma-educare-alla-cybersecurity","status":"publish","type":"post","link":"https:\/\/www.gesuitieducazione.it\/en\/roma-educare-alla-cybersecurity\/","title":{"rendered":"Roma. Educare alla cybersecurity"},"content":{"rendered":"<p>Proprio relativamente a questo aspetto, hanno suscitato un grande interesse dei nostri studenti gli incontri organizzati dall\u2019Associazione Genitori dell&#8217;Istituto Massimo di Roma sull\u2019uso responsabile dei social network e contro il cyberbullismo, a cui hanno partecipato tutti gli alunni compresi fra il quinto anno della primaria e i primi due anni della secondaria di secondo grado.<\/p>\n<p>Agli incontri, condotti da esperti della Polizia Postale durante l\u2019orario scolastico, gli studenti hanno partecipato attivamente, dimostrando sensibilit\u00e0 ed entusiasmo per i temi trattati.<\/p>\n<p>I Nativi Digitali fanno oggi un uso massiccio dei nuovi mezzi di comunicazione, vivono immersi in questa realt\u00e0 virtuale che \u00e8 parte del loro mondo vitale ed \u00e8 anche strumento con il quale definiscono loro stessi e il contesto che li circonda. Non sempre per\u00f2 i ragazzi sono capaci di prendere coscienza dei rischi e dei limiti di tali mezzi.<\/p>\n<p>L\u2019obiettivo degli incontri \u00e8 stato proprio quello di approfondire le caratteristiche dei Social e di sensibilizzare e responsabilizzare i nostri alunni al loro utilizzo.<\/p>\n<p>Educare alla \u201cmedia-education\u201d risulta ormai essere un dovere essenziale e a questo scopo si dar\u00e0 continuit\u00e0 a tale tipo di formazione proponendo anche ai docenti e ai genitori una serie di appuntamenti per l\u2019approfondimento di tale tematica, sempre con l\u2019ausilio degli specialisti della polizia postale.<\/p>\n<p>Anche all&#8217;Istituto Sociale di Torino nei mesi scorsi si sono svolti incontri analoghi di formazione, sempre in collaborazione con la Polizia Postale, sia per gli studenti che per le loro famiglie. E&#8217; in programma nei prossimi mesi anche una sezione apposita di formazione per i docenti e il personale tecnico-amministrativo.<\/p>\n","protected":false},"excerpt":{"rendered":"<p>Con l&#8217;introduzione delle nuove tecnologie nella didattica quotidiana, nonch\u00e8 a fronte del sempre maggiore utilizzo di social media, internet e altri strumenti di comunicazione innovativi da parte dei nostri ragazzi, diventa imprescindibile per una scuola anche l&#8217;educazione ad un utilizzo consapevole, informato e sicuro di questi mezzi.<\/p>\n","protected":false},"author":4,"featured_media":1309,"comment_status":"closed","ping_status":"open","sticky":false,"template":"","format":"standard","meta":{"_acf_changed":false,"footnotes":""},"categories":[10],"tags":[145,146,102,144],"istituto":[],"partner":[],"class_list":["post-1308","post","type-post","status-publish","format-standard","has-post-thumbnail","hentry","category-notizie","tag-istituto-massimo","tag-media-education","tag-istituto-sociale-torino","tag-cybersecurity"],"acf":[],"_links":{"self":[{"href":"https:\/\/www.gesuitieducazione.it\/en\/wp-json\/wp\/v2\/posts\/1308"}],"collection":[{"href":"https:\/\/www.gesuitieducazione.it\/en\/wp-json\/wp\/v2\/posts"}],"about":[{"href":"https:\/\/www.gesuitieducazione.it\/en\/wp-json\/wp\/v2\/types\/post"}],"author":[{"embeddable":true,"href":"https:\/\/www.gesuitieducazione.it\/en\/wp-json\/wp\/v2\/users\/4"}],"replies":[{"embeddable":true,"href":"https:\/\/www.gesuitieducazione.it\/en\/wp-json\/wp\/v2\/comments?post=1308"}],"version-history":[{"count":0,"href":"https:\/\/www.gesuitieducazione.it\/en\/wp-json\/wp\/v2\/posts\/1308\/revisions"}],"wp:featuredmedia":[{"embeddable":true,"href":"https:\/\/www.gesuitieducazione.it\/en\/wp-json\/wp\/v2\/media\/1309"}],"wp:attachment":[{"href":"https:\/\/www.gesuitieducazione.it\/en\/wp-json\/wp\/v2\/media?parent=1308"}],"wp:term":[{"taxonomy":"category","embeddable":true,"href":"https:\/\/www.gesuitieducazione.it\/en\/wp-json\/wp\/v2\/categories?post=1308"},{"taxonomy":"post_tag","embeddable":true,"href":"https:\/\/www.gesuitieducazione.it\/en\/wp-json\/wp\/v2\/tags?post=1308"},{"taxonomy":"istituto","embeddable":true,"href":"https:\/\/www.gesuitieducazione.it\/en\/wp-json\/wp\/v2\/istituto?post=1308"},{"taxonomy":"partner","embeddable":true,"href":"https:\/\/www.gesuitieducazione.it\/en\/wp-json\/wp\/v2\/partner?post=1308"}],"curies":[{"name":"wp","href":"https:\/\/api.w.org\/{rel}","templated":true}]}}