{"id":1135,"date":"2016-12-18T20:26:01","date_gmt":"2016-12-18T19:26:01","guid":{"rendered":"http:\/\/educazione.gesuiti.it\/?p=1135"},"modified":"2021-12-21T14:15:49","modified_gmt":"2021-12-21T12:15:49","slug":"napoli-il-disco-del-cuore-per-amatrice","status":"publish","type":"post","link":"https:\/\/www.gesuitieducazione.it\/en\/napoli-il-disco-del-cuore-per-amatrice\/","title":{"rendered":"Napoli. &#8220;Il disco del cuore&#8221; per Amatrice"},"content":{"rendered":"<p>\u00abVogliamo ricostruire con la musica, che \u00e8 un linguaggio transnazionale che riesce a raggiungere tutti\u00bb, ha detto Pasquale Antonio\u00a0(&#8220;Cicci&#8221;) Serra, Presidente onorario della Pontano Music Academy. \u00abNel CD ci sono i brani delle pi\u00f9 belle canzoni d\u2019amore di alcuni grandissimi cantautori italiani\u00bb, ha spiegato Francesco Capriello, direttore della scuola musicale. Un\u2019occasione per esprimere concretamente solidariet\u00e0 per le popolazioni terremotate e per i ragazzi di crescere e apprezzare anche le tradizionali materie scolastiche, come la filosofia, attraverso la musica. Proprio il progetto scolastico &#8220;filosofia e musica&#8221; ha consentito ai ragazzi di lavorare su queste due dimensioni e di svolgere un serio percorso di crescita e di preparazione che \u00e8 poi sfociato nella produzione e promozione di questo CD.<\/p>\n<p>I ragazzi dell&#8217;Istituto Pontano di Napoli, raccogliendo con entusiasmo e creativit\u00e0 napoletana l&#8217;invito proposto da P. Vitangelo Denora sj e dalla Fondazione Gesuiti Educazione lo scorso agosto, si sono subito attivati per la\u00a0realizzazione di questo CD, utilizzando la musica, che diventa cos\u00ec uno strumento al servizio dei pi\u00f9 bisognosi. Il progetto, nato da un&#8217;idea di Cicci Serra, con la direzione artistica di Francesco Capriello, ha visto coinvolta la &#8220;Pontano Band&#8221; e altri collaboratori, che hanno dedicato tempo, energie e creativit\u00e0 per questo bel progetto di solidariet\u00e0.<\/p>\n<p>&#8220;Partire dalla musica e dalla cultura per ricostruire &#8211; ha affermato una ragazza coinvolta nel progetto &#8211; significa ridare vita a quello che accade quotidianamente&#8221;. E aggiunge: &#8220;per noi ragazzi del Pontano \u00e8 stata una esperienza molto formativa, perch\u00e8 abbiamo riflettuto su concetti fondamentali e abbiamo sperimentato concretamente cosa significa &#8220;avere cura di un&#8217;altra persona&#8221; attraverso una canzone e attraverso testi poetico\/filosofici&#8221;. \u00a0&#8220;Siamo infatti riusciti a comprendere un significato profondo della parola &#8216;amore&#8221; &#8211; continua un altro ragazzo &#8211; dal punto di vista non solo filosofico, ma anche umano, spirituale e contemporaneamente concretissimo&#8221;.<\/p>\n<p>Il disco del cuore per Amatrice \u00e8 acquistabile anche online all&#8217;indirizzo:<br \/>\n<a href=\"http:\/\/www.istitutopontano.it\/disco-del-cuore-per-amatrice.html\">http:\/\/www.istitutopontano.it\/disco-del-cuore-per-amatrice.html<\/a><\/p>\n<p>&nbsp;<\/p>\n<p>&nbsp;<\/p>\n","protected":false},"excerpt":{"rendered":"<p>Un disco di canzoni d\u2019amore per ricostruire ci\u00f2 che \u00e8 stato distrutto. \u00c8 questo l\u2019obiettivo di \u00abIl disco del cuore per Amatrice\u00bb, il cd inciso dai ragazzi dell&#8217;Istituto Pontano di Napoli, il cui ricavato sar\u00e0 completamente devoluto per ricostruire la scuola \u201cRomolo Capranica\u201d di Amatrice, colpita dal terremoto dello scorso 24 agosto. <\/p>\n","protected":false},"author":4,"featured_media":1137,"comment_status":"closed","ping_status":"open","sticky":false,"template":"","format":"standard","meta":{"_acf_changed":false,"footnotes":""},"categories":[258],"tags":[113,115,129,130],"istituto":[],"partner":[],"class_list":["post-1135","post","type-post","status-publish","format-standard","has-post-thumbnail","hentry","category-attivita","tag-amatrice","tag-solidarieta","tag-disco-del-cuore","tag-istituto-pontano"],"acf":[],"_links":{"self":[{"href":"https:\/\/www.gesuitieducazione.it\/en\/wp-json\/wp\/v2\/posts\/1135"}],"collection":[{"href":"https:\/\/www.gesuitieducazione.it\/en\/wp-json\/wp\/v2\/posts"}],"about":[{"href":"https:\/\/www.gesuitieducazione.it\/en\/wp-json\/wp\/v2\/types\/post"}],"author":[{"embeddable":true,"href":"https:\/\/www.gesuitieducazione.it\/en\/wp-json\/wp\/v2\/users\/4"}],"replies":[{"embeddable":true,"href":"https:\/\/www.gesuitieducazione.it\/en\/wp-json\/wp\/v2\/comments?post=1135"}],"version-history":[{"count":1,"href":"https:\/\/www.gesuitieducazione.it\/en\/wp-json\/wp\/v2\/posts\/1135\/revisions"}],"predecessor-version":[{"id":4591,"href":"https:\/\/www.gesuitieducazione.it\/en\/wp-json\/wp\/v2\/posts\/1135\/revisions\/4591"}],"wp:featuredmedia":[{"embeddable":true,"href":"https:\/\/www.gesuitieducazione.it\/en\/wp-json\/wp\/v2\/media\/1137"}],"wp:attachment":[{"href":"https:\/\/www.gesuitieducazione.it\/en\/wp-json\/wp\/v2\/media?parent=1135"}],"wp:term":[{"taxonomy":"category","embeddable":true,"href":"https:\/\/www.gesuitieducazione.it\/en\/wp-json\/wp\/v2\/categories?post=1135"},{"taxonomy":"post_tag","embeddable":true,"href":"https:\/\/www.gesuitieducazione.it\/en\/wp-json\/wp\/v2\/tags?post=1135"},{"taxonomy":"istituto","embeddable":true,"href":"https:\/\/www.gesuitieducazione.it\/en\/wp-json\/wp\/v2\/istituto?post=1135"},{"taxonomy":"partner","embeddable":true,"href":"https:\/\/www.gesuitieducazione.it\/en\/wp-json\/wp\/v2\/partner?post=1135"}],"curies":[{"name":"wp","href":"https:\/\/api.w.org\/{rel}","templated":true}]}}