{"id":1126,"date":"2016-12-07T06:30:08","date_gmt":"2016-12-07T05:30:08","guid":{"rendered":"http:\/\/educazione.gesuiti.it\/?p=1126"},"modified":"2016-12-07T06:30:08","modified_gmt":"2016-12-07T05:30:08","slug":"peru-xlvi-congresso-internazionale-fe-y-alegria-ottobre-2016","status":"publish","type":"post","link":"https:\/\/www.gesuitieducazione.it\/en\/peru-xlvi-congresso-internazionale-fe-y-alegria-ottobre-2016\/","title":{"rendered":"Per\u00f9. XLVI Congresso Internazionale Fe y Alegr\u00eda ottobre 2016"},"content":{"rendered":"<p>Il direttore nazionale P. Jeronimo Olleros SJ di Fe y Alegr\u00eca Per\u00f9 ci ha accolto con tanto amore e ha messo a disposizione la sede peruviana di Fe y Alegria per lo svolgimento del Congresso dal 20 al 23 ottobre.<\/p>\n<p>All\u2019apertura dell\u2019evento hanno anche partecipato alcune autorit\u00e0: P. Emilio Mart\u00ednez SJ, Rappresentante del Provinciale della Compagnia di Ges\u00f9 in Per\u00fa, P. Carlos Fritzen SJ, Coordinatore Generale della Federazione Internazionale Fe y Alegr\u00eda, Ana Mar\u00eda Romero Ministro delle Donne e della popolazione vulnerabile.<\/p>\n<p>Le parole pi\u00f9 toccanti, pi\u00f9 sentite e pi\u00f9 condivise sono state: \u201csoltanto attraverso l\u2019educazione possiamo costruire una societ\u00e0 pi\u00f9 giusta ed equilibrata\u2026\u201d<\/p>\n<p>L\u2019evento \u00e8 continuato con le danze degli studenti di Fe y Alegria N2, dove hanno dimostrato la loro bravura e abilit\u00e0 rappresentando le tre aree o &#8220;regioni&#8221; del Per\u00f9: la costa, la sierra e la selva. Queste danze hanno concluso in maniera spettacolare e bellissima l&#8217;apertura del Congresso.<\/p>\n<p>Il giorno successivo si diede inizio ai lavori sui temi elencati sopra. Durante lo svolgimento del congresso si \u00e8 vissuto un clima familiare, professionale, ma, soprattutto pieno di allegria, entusiasmo ed energia. Questi sono infatti stati gli ingredienti principali di questi quattro giorni.<\/p>\n<p>Condividere con direttori, educatori e studenti le nostre esperienze diverse dal punto di vista educativo \u00e8 stato l&#8217;obiettivo raggiunto, come indicato dalla commissione organizzatrice.<\/p>\n<p>Fe y Alegr\u00eda Italia avuto l\u2019opportunit\u00e0 di partecipare grazie al nostro Direttore Nazionale per l&#8217;Italia, P. Vitangelo Denora SJ. In rappresentanza degli studenti ha partecipato Juan Su\u00e1rez, mentre in Vidal Espinoza ha reppresentato gli insegnanti e Mercy Mera il nostro Direttore in Italia.<\/p>\n<p>Per maggiori informazioni potete visitare la p\u00e1gina della Federazione Internazionale di Fe y Alegria <a href=\"http:\/\/movimientos.feyalegria.org\/\">http:\/\/movimientos.feyalegria.org\/<\/a><\/p>\n","protected":false},"excerpt":{"rendered":"<p>Il 20 ottobre si \u00e8 svolto a Lima in Per\u00f9 il XLVI Congresso Internazionale di Fe y Alegria sul tema &#8220;Educazione, Cittadinanza, Cultura di pace e giovani&#8221;, a cui hanno partecipato direttori, educatori e giovani di 21 Paesi della Federazione.<\/p>\n","protected":false},"author":4,"featured_media":1127,"comment_status":"closed","ping_status":"open","sticky":false,"template":"","format":"standard","meta":{"_acf_changed":false,"footnotes":""},"categories":[10,96],"tags":[],"istituto":[],"partner":[],"class_list":["post-1126","post","type-post","status-publish","format-standard","has-post-thumbnail","hentry","category-notizie","category-fe-y-alegria"],"acf":[],"_links":{"self":[{"href":"https:\/\/www.gesuitieducazione.it\/en\/wp-json\/wp\/v2\/posts\/1126"}],"collection":[{"href":"https:\/\/www.gesuitieducazione.it\/en\/wp-json\/wp\/v2\/posts"}],"about":[{"href":"https:\/\/www.gesuitieducazione.it\/en\/wp-json\/wp\/v2\/types\/post"}],"author":[{"embeddable":true,"href":"https:\/\/www.gesuitieducazione.it\/en\/wp-json\/wp\/v2\/users\/4"}],"replies":[{"embeddable":true,"href":"https:\/\/www.gesuitieducazione.it\/en\/wp-json\/wp\/v2\/comments?post=1126"}],"version-history":[{"count":0,"href":"https:\/\/www.gesuitieducazione.it\/en\/wp-json\/wp\/v2\/posts\/1126\/revisions"}],"wp:featuredmedia":[{"embeddable":true,"href":"https:\/\/www.gesuitieducazione.it\/en\/wp-json\/wp\/v2\/media\/1127"}],"wp:attachment":[{"href":"https:\/\/www.gesuitieducazione.it\/en\/wp-json\/wp\/v2\/media?parent=1126"}],"wp:term":[{"taxonomy":"category","embeddable":true,"href":"https:\/\/www.gesuitieducazione.it\/en\/wp-json\/wp\/v2\/categories?post=1126"},{"taxonomy":"post_tag","embeddable":true,"href":"https:\/\/www.gesuitieducazione.it\/en\/wp-json\/wp\/v2\/tags?post=1126"},{"taxonomy":"istituto","embeddable":true,"href":"https:\/\/www.gesuitieducazione.it\/en\/wp-json\/wp\/v2\/istituto?post=1126"},{"taxonomy":"partner","embeddable":true,"href":"https:\/\/www.gesuitieducazione.it\/en\/wp-json\/wp\/v2\/partner?post=1126"}],"curies":[{"name":"wp","href":"https:\/\/api.w.org\/{rel}","templated":true}]}}