{"id":1069,"date":"2016-09-17T12:15:37","date_gmt":"2016-09-17T10:15:37","guid":{"rendered":"http:\/\/educazione.gesuiti.it\/?p=1069"},"modified":"2016-09-17T12:15:37","modified_gmt":"2016-09-17T10:15:37","slug":"roma-ciampi-i-padri-gesuiti-si-sono-presi-cura-dei-germogli-della-mia-coscienza","status":"publish","type":"post","link":"https:\/\/www.gesuitieducazione.it\/en\/roma-ciampi-i-padri-gesuiti-si-sono-presi-cura-dei-germogli-della-mia-coscienza\/","title":{"rendered":"Roma. Ciampi: &#8220;I Padri Gesuiti si sono presi cura dei germogli della mia coscienza&#8221;"},"content":{"rendered":"<p>Carlo Azeglio Ciampi, infatti, era nato a Livorno il 9 dicembre 1920. Prima di conseguire la laurea in Lettere e il diploma della Scuola Normale di Pisa nel 1941 e la laurea in Giurisprudenza presso l\u2019Universit\u00e0 di Pisa nel 1946, aveva frequentato per sette anni (dalla quarta elementare alla maturit\u00e0) l&#8217;Istituto &#8220;San Francesco Saverio&#8221; dei Padri Gesuiti di Livorno (la scuola venne chiusa all&#8217;inizio degli anni Settanta).<\/p>\n<p>Il cortile del Collegio San Francesco Saverio era chiamato \u00abil bosco\u00bb dai suoi studenti, sia i piccoli delle elementari ma anche per quelli pi\u00f9 grandi del Ginnasio (che per quel tempo corrispondevano alle scuole &#8220;medie&#8221; e ai primi due anni di liceo Classico). I ragazzi del Ginnasio a quell&#8217;epoca portavano i pantaloni lunghi solo fin sotto il ginocchio, per distinguersi dai ragazzi pi\u00f9 \u00abgrandi\u00bb del liceo, ai quali si dava rigorosamente del \u00ablei\u00bb.<\/p>\n<p>Il Padre Valentino Davanzati SJ, anche lui ex-alunno del San Francesco Saverio prima di diventare gesuita, in una intervista a Repubblica del 2004, ricordava cos\u00ec Carlo Azeglio Ciampi agli anni del liceo: \u00abEra pi\u00f9 grande di me di due anni e gi\u00e0 allora aveva un&#8217;espressione particolare, molto professionale direi. Poi gli anni sono passati, ma siamo rimasti sempre in contatto, l&#8217;ultima volta che ci siamo sentiti \u00e8 stato un paio di giorni fa\u00bb.<\/p>\n<p>Nel 1999, uno dei pochi gesuiti ancora in vita tra gli insegnanti di Ciampi era padre Angelo Matini SJ, che fu suo docente di greco tra il 1934 e il 1935 e che cos\u00ec ricordava il suo ex-alunno in una intervista per Il Corriere della Sera: &#8220;Era timidissimo e religioso. Si iscrisse alla Congregazione Mariana, Ovvero l&#8217;antica associazione che accompagna la crescita spirituale dei giovani seguendo il carisma di Sant&#8217;Ignazio di Loyola. Era molto studioso. Apprendeva con facilit\u00e0 ed io ero molto contento di lui. Carlo era legatissimo alla sua famiglia, soprattutto al fratello Giuseppe, pure lui studiava da noi. [&#8230;] Ci siamo sentiti sempre, almeno ogni Natale, e ci vogliamo davvero bene. Ancora oggi mi rivolgo a lui col &#8220;tu&#8221; e lui naturalmente mi risponde col &#8220;lei&#8221;. Due anni fa \u00e8 anche venuto a visitarmi e spero che torner\u00e0. Intanto prego ogni mattina per lui da quando e&#8217; stato eletto (Presidente della Repubblica).\u00a0 Mi fanno ridere certe polemiche: laico, cattolico&#8230; Carlo e&#8217; un buon credente incapace di fingere o esagerare. Questo, s\u00ec , conta&#8221;.<\/p>\n<p>Lo stesso Ciampi, ha in numerose occasioni ricordato la frequenza e la sua formazione nella scuola dei Gesuiti di Livorno. Nel 2010, in una intervista a Famiglia Cristiana, ricordava: &#8220;Ho frequentato le scuole dei Gesuiti dalla quarta elementare alla fine del liceo: sette anni in tutto, perch\u00e9 saltai due anni, la quinta elementare e la terza liceo, ritrovandomi a 16 anni e mezzo all\u2019Universit\u00e0. Dopodich\u00e9 mi iscrissi alla Scuola Normale di Pisa, nel 1937, e mi ritrovai in un ambiente completamente diverso, squisitamente laico, direi anzi laico in maniera molto pronunciata. Per\u00f2 non ho trovato contraddizione fra l\u2019una e l\u2019altra scuola. Ambedue mi hanno insegnato cose fondamentali: i Gesuiti l\u2019amore verso il prossimo, la Normale il rispetto dell\u2019alterit\u00e0\u00bb.<\/p>\n<p>Ancora pochi mesi fa (nel giugno 2016), in una lettera indirizzata alla Scuola Normale di Pisa, sottolineando l&#8217;importanza degli esempi e degli insegnamenti nella formazione della coscienza dei giovani, ricordava &#8220;nella mia (coscienza), i primi semi li ha deposti la famiglia; i Padri gesuiti si sono poi presi cura dei germogli, alla Normale la pianta ha messo radici; \u00e8 cresciuta; \u00e8 stata innestata per dare variet\u00e0 di frutti, per resistere all\u2019alternarsi delle stagioni&#8221;.<\/p>\n<p>Ricordiamo Carlo Azeglio Ciampi con una sua frase appassionata e ricca di emozione, che idealmente rivolgiamo a tutti i giovani alunni ed ex-alunni delle nostre scuole, \u00abRagazzi, ora tocca a voi!\u00bb.<\/p>\n<p><img loading=\"lazy\" decoding=\"async\" class=\"aligncenter wp-image-1070\" src=\"http:\/\/educazione.gesuiti.it\/wp-content\/uploads\/sites\/9\/2016\/09\/2016_09_17_Ciampi.jpg\" alt=\"2016_09_17_ciampi\" width=\"239\" height=\"349\" srcset=\"https:\/\/www.gesuitieducazione.it\/wp-content\/uploads\/2016\/09\/2016_09_17_Ciampi.jpg 215w, https:\/\/www.gesuitieducazione.it\/wp-content\/uploads\/2016\/09\/2016_09_17_Ciampi-205x300.jpg 205w\" sizes=\"(max-width: 239px) 100vw, 239px\" \/><\/p>\n<p>&nbsp;<\/p>\n","protected":false},"excerpt":{"rendered":"<p>In questi giorni tutti i media riportano l&#8217;annuncio della scomparsa di Carlo Azeglio Ciampi, che fu Presidente della Repubblica, Primo Ministro e Governatore della Banca d\u2019Italia. Noi lo ricordiamo, oltre che per i suoi valori, anche come ex-alunno della scuola dei Gesuiti di Livorno, che, per dichiarazione di Ciampi stesso, ha avuto una elevata importanza nella formazione della sua coscienza.<\/p>\n","protected":false},"author":4,"featured_media":1071,"comment_status":"closed","ping_status":"open","sticky":false,"template":"","format":"standard","meta":{"_acf_changed":false,"footnotes":""},"categories":[10],"tags":[67,117,118,119],"istituto":[],"partner":[],"class_list":["post-1069","post","type-post","status-publish","format-standard","has-post-thumbnail","hentry","category-notizie","tag-ex-alunni","tag-carlo-azeglio-ciampi","tag-collegio-francesco-saverio-livorno","tag-p-valentino-davanzati-sj"],"acf":[],"_links":{"self":[{"href":"https:\/\/www.gesuitieducazione.it\/en\/wp-json\/wp\/v2\/posts\/1069"}],"collection":[{"href":"https:\/\/www.gesuitieducazione.it\/en\/wp-json\/wp\/v2\/posts"}],"about":[{"href":"https:\/\/www.gesuitieducazione.it\/en\/wp-json\/wp\/v2\/types\/post"}],"author":[{"embeddable":true,"href":"https:\/\/www.gesuitieducazione.it\/en\/wp-json\/wp\/v2\/users\/4"}],"replies":[{"embeddable":true,"href":"https:\/\/www.gesuitieducazione.it\/en\/wp-json\/wp\/v2\/comments?post=1069"}],"version-history":[{"count":0,"href":"https:\/\/www.gesuitieducazione.it\/en\/wp-json\/wp\/v2\/posts\/1069\/revisions"}],"wp:featuredmedia":[{"embeddable":true,"href":"https:\/\/www.gesuitieducazione.it\/en\/wp-json\/wp\/v2\/media\/1071"}],"wp:attachment":[{"href":"https:\/\/www.gesuitieducazione.it\/en\/wp-json\/wp\/v2\/media?parent=1069"}],"wp:term":[{"taxonomy":"category","embeddable":true,"href":"https:\/\/www.gesuitieducazione.it\/en\/wp-json\/wp\/v2\/categories?post=1069"},{"taxonomy":"post_tag","embeddable":true,"href":"https:\/\/www.gesuitieducazione.it\/en\/wp-json\/wp\/v2\/tags?post=1069"},{"taxonomy":"istituto","embeddable":true,"href":"https:\/\/www.gesuitieducazione.it\/en\/wp-json\/wp\/v2\/istituto?post=1069"},{"taxonomy":"partner","embeddable":true,"href":"https:\/\/www.gesuitieducazione.it\/en\/wp-json\/wp\/v2\/partner?post=1069"}],"curies":[{"name":"wp","href":"https:\/\/api.w.org\/{rel}","templated":true}]}}