{"id":1065,"date":"2016-09-13T21:44:19","date_gmt":"2016-09-13T19:44:19","guid":{"rendered":"http:\/\/educazione.gesuiti.it\/?p=1065"},"modified":"2016-09-13T21:44:19","modified_gmt":"2016-09-13T19:44:19","slug":"amatrice-prosegue-la-raccolta-fondi-per-la-ricostruzione-della-scuola","status":"publish","type":"post","link":"https:\/\/www.gesuitieducazione.it\/en\/amatrice-prosegue-la-raccolta-fondi-per-la-ricostruzione-della-scuola\/","title":{"rendered":"Amatrice. Prosegue la raccolta fondi per la ricostruzione della scuola"},"content":{"rendered":"<p>Le scuole della nostra rete Gesuiti Educazione si sono impegnate ed attivate immediatamente per raccogliere fondi per contribuire al finanziamento della ricostruzione della scuola &#8220;Romolo Capranica&#8221; di Amatrice, crollata a causa del sisma.<\/p>\n<p>Molte sono state le donazioni che sono subito arrivate. <strong>Ad oggi, marted\u00ec 13 settembre 2016, primo giorno di scuola ad Amatrice, la somma raccolta ammonta a 3.290 euro<\/strong>, grazie alla generosit\u00e0 di molti. Ma desideriamo non fermarci qui e riuscire a consegnare nei prossimi mesi alle istituzioni di Amatrice impegnate nella ricostruzione della scuola<strong> una somma ancora maggiore.<\/strong><\/p>\n<p>Grazie quindi a tutti coloro che hanno gi\u00e0 contribuito e un grazie altrettanto sincero a quanti ancora lo faranno. E&#8217; possibile effettuare versamenti per sostenere la ricostruzione della scuola di Amatrice attraverso le seguenti coordinate bancarie (una delegazione di studenti delle nostre scuole consegner\u00e0 personalmente quanto raccolto al Sindaco di Amatrice):<\/p>\n<p>IBAN: \u00a0 \u00a0IT90A0521601630000000018150<br \/>\nBanca: Credito Valtellinese<br \/>\nIntestato a: Fondazione Gesuiti Educazione<br \/>\nFondamentale \u00e8 indicare la causale: &#8220;Raccolta fondi terremoto 2016 Scuola di Amatrice&#8221;<\/p>\n<p>I movimenti ignaziani (CVX-LMS-MEG) sono inoltre attivi con campi di volontariato e altri progetti di solidariet\u00e0 a favore dei terremotati. Proprio la CVX-LMS Italia, infatti, \u00e8 stata riconosciuta dalla Protezione Civile come Associazione di Volontariato che pu\u00f2 operare ad Amatrice e ha organizzato attivit\u00e0 di volontariato in turni settimanali almeno fino a Dicembre prossimo (informazioni su\u00a0 <a href=\"http:\/\/cvxlms.it\/terremoto-centro-italia-aiutare\">http:\/\/cvxlms.it\/terremoto-centro-italia-aiutare<\/a>).<\/p>\n<p>Padre Denora, Presidente della Fondazione e Delegato per le scuole, ci rinnova il suo invito accorato, ricordando che &#8220;il nostro impegno probabilmente \u00e8 cosa assai piccola rispetto alla gravit\u00e0 di quanto accaduto, ma sappiamo che tante piccole gocce possono formare un mare di solidariet\u00e0. Facciamo s\u00ec che il nostro mare sia un oceano. Partecipiamo tutti, allora \u2013 grandi e piccoli \u2013 con generosit\u00e0!&#8221;.<\/p>\n","protected":false},"excerpt":{"rendered":"<p>Questa mattina \u00e8 suonata la campanella anche in una fila di dieci coloratissime nuove aule in strutture prefabbricate allestite a tempo di record ad Amatrice, grazie anche all&#8217;aiuto della protezione civile trentina. I sorrisi di questi bambini e ragazzi che, tornando a scuola, riconquistano un piccolo pezzettino di &#8220;normalit\u00e0&#8221; dopo il sisma si mescolano nei loro visi e nelle loro parole al ricordo verso compagni e parenti che purtroppo non ci sono pi\u00f9 dopo la devastazione del terremoto.<\/p>\n","protected":false},"author":4,"featured_media":1067,"comment_status":"closed","ping_status":"open","sticky":false,"template":"","format":"standard","meta":{"_acf_changed":false,"footnotes":""},"categories":[10],"tags":[79,113],"istituto":[],"partner":[],"class_list":["post-1065","post","type-post","status-publish","format-standard","has-post-thumbnail","hentry","category-notizie","tag-scuola","tag-amatrice"],"acf":[],"_links":{"self":[{"href":"https:\/\/www.gesuitieducazione.it\/en\/wp-json\/wp\/v2\/posts\/1065"}],"collection":[{"href":"https:\/\/www.gesuitieducazione.it\/en\/wp-json\/wp\/v2\/posts"}],"about":[{"href":"https:\/\/www.gesuitieducazione.it\/en\/wp-json\/wp\/v2\/types\/post"}],"author":[{"embeddable":true,"href":"https:\/\/www.gesuitieducazione.it\/en\/wp-json\/wp\/v2\/users\/4"}],"replies":[{"embeddable":true,"href":"https:\/\/www.gesuitieducazione.it\/en\/wp-json\/wp\/v2\/comments?post=1065"}],"version-history":[{"count":0,"href":"https:\/\/www.gesuitieducazione.it\/en\/wp-json\/wp\/v2\/posts\/1065\/revisions"}],"wp:featuredmedia":[{"embeddable":true,"href":"https:\/\/www.gesuitieducazione.it\/en\/wp-json\/wp\/v2\/media\/1067"}],"wp:attachment":[{"href":"https:\/\/www.gesuitieducazione.it\/en\/wp-json\/wp\/v2\/media?parent=1065"}],"wp:term":[{"taxonomy":"category","embeddable":true,"href":"https:\/\/www.gesuitieducazione.it\/en\/wp-json\/wp\/v2\/categories?post=1065"},{"taxonomy":"post_tag","embeddable":true,"href":"https:\/\/www.gesuitieducazione.it\/en\/wp-json\/wp\/v2\/tags?post=1065"},{"taxonomy":"istituto","embeddable":true,"href":"https:\/\/www.gesuitieducazione.it\/en\/wp-json\/wp\/v2\/istituto?post=1065"},{"taxonomy":"partner","embeddable":true,"href":"https:\/\/www.gesuitieducazione.it\/en\/wp-json\/wp\/v2\/partner?post=1065"}],"curies":[{"name":"wp","href":"https:\/\/api.w.org\/{rel}","templated":true}]}}