{"id":1048,"date":"2016-08-27T15:07:36","date_gmt":"2016-08-27T13:07:36","guid":{"rendered":"http:\/\/educazione.gesuiti.it\/?p=1048"},"modified":"2021-12-21T14:15:44","modified_gmt":"2021-12-21T12:15:44","slug":"terremoto-solidarieta-e-sostegno-alle-popolazioni-colpite","status":"publish","type":"post","link":"https:\/\/www.gesuitieducazione.it\/en\/terremoto-solidarieta-e-sostegno-alle-popolazioni-colpite\/","title":{"rendered":"Terremoto. La rete Gesuiti Educazione in campo per la ricostruzione"},"content":{"rendered":"<p>Padre Vitangelo Carlo Maria Denora S.I., Presidente della Fondazione Gesuiti Educazione e Delegato per le Scuole dei Gesuiti d\u2019Italia e Albania, ha rilasciato una dichiarazione molto toccante:<\/p>\n<p>&#8220;Sono tante\u00a0le\u00a0 immagini,\u00a0i\u00a0volti e\u00a0le\u00a0storie di questa tragedia in queste\u00a0ore di dolore, preghiera, speranza di ritrovare ancora qualcuno vivo sotto le macerie&#8230; Tra di esse,\u00a0noi che viviamo nella scuola, cercando di renderla un luogo accogliente e stimolante per i nostri studenti, siamo rimasti colpiti proprio dal crollo di un edificio scolastico,\u00a0la \u2018Romolo Capranica\u2019 di Amatrice,\u00a0e dal volto in lacrime di una maestra, che forse ha perso qualcuno dei suoi bambini. Che il Signore accolga questi bambini e tutte le vittime\u00a0di questo terremoto\u00a0con il Suo abbraccio di tenerezza e di amore&#8221;.<\/p>\n<p>&#8220;Vogliamo per\u00f2 reagire \u2013 continua Padre Denora &#8211; a questo senso di forte smarrimento che coglie anche noi, con un\u2019iniziativa concreta. Abbiamo deciso di dedicare il nostro impegno ad una raccolta di fondi per contribuire alla ricostruzione di quel complesso scolastico, simbolo di tanti bambini che studiano e crescono e, quindi, della vita che, nonostante tutto, vince sul Male e riparte&#8221;-<\/p>\n<p>&#8220;All\u2019avvio dell\u2019anno scolastico, quindi \u2013 afferma Padre Denora \u2013 la rete di tutte le Scuole dei Gesuiti organizzer\u00e0 una serie di eventi sportivi, culturali e sociali volti al finanziamento di questo progetto. L\u2019obiettivo \u00e8 quello di coinvolgere ragazzi, famiglie e docenti in una &#8220;gara&#8221; di solidariet\u00e0, in nome di una compartecipazione umana e spirituale al dolore delle popolazioni colpite dal sisma\u201d<\/p>\n<p>Quanto raccolto nei prossimi mesi verr\u00e0 personalmente consegnato nelle mani del Sindaco di Amatrice da una delegazione di ragazzi rappresentanti i singoli Istituti accompagnati da Padre Denora.<\/p>\n<p>E&#8217; possibile fin da subito effettuare versamenti per la ricostruzione della scuola di Amatrice, attraverso le seguenti coordinate bancarie:<\/p>\n<p>IBAN: \u00a0 \u00a0IT90A0521601630000000018150<br \/>\nBanca: Credito Valtellinese<br \/>\nIntestato a: Fondazione Gesuiti Educazione<br \/>\nFondamentale \u00e8 indicare la causale: &#8220;Raccolta fondi terremoto 2016 Scuola di Amatrice&#8221;<\/p>\n<p>&#8220;Ricordo inoltre \u2013 prosegue Padre Denora &#8211; che i movimenti ignaziani (CVX-LMS-MEG) sono gi\u00e0 attivi con campi di volontariato e altri progetti di solidariet\u00e0 a favore dei terremotati, che invito a sostenere&#8221;. Proprio la CVX-LMS Italia, infatti, \u00e8 stata riconosciuta dalla Protezione Civile come Associazione di Volontariato che pu\u00f2 operare ad Amatrice e stiamo organizzando attivit\u00e0 di volontariato in turni settimanali almeno fino a Dicembre prossimo (informazioni su\u00a0 http:\/\/cvxlms.it\/terremoto-centro-italia-aiutare).<\/p>\n<p>&#8220;Il nostro impegno probabilmente \u00e8 cosa assai piccola rispetto alla gravit\u00e0 di quanto accaduto \u2013 conclude Padre Denora \u2013 ma sappiamo che tante piccole gocce possono formare un mare di solidariet\u00e0. Facciamo s\u00ec che il nostro mare sia un oceano. Partecipiamo tutti, allora \u2013 grandi e piccoli \u2013 con generosit\u00e0!&#8221;<\/p>\n<p>&#8212;&#8212;&#8212;&#8212;&#8212;&#8212;&#8212;&#8212;-<\/p>\n<p>Per informazioni:<\/p>\n<p>Maria Grazia Magazzino \/ Alex Fiumara<br \/>\nFondazione Gesuiti Educazione<br \/>\nPiazza San Fedele, 4\u00a0 &#8211;\u00a0 20121\u00a0 MILANO<br \/>\ntel. 0286352305\u00a0 &#8211;\u00a0 fax 0286352808<\/p>\n","protected":false},"excerpt":{"rendered":"<p>La Fondazione Gesuiti Educazione e le Scuole dei Gesuiti d\u2019Italia e di Albania esprimono il loro profondo cordoglio ai familiari delle numerose vittime del terribile terremoto che ha devastato nei giorni scorsi il Centro Italia e si uniscono nella preghiera per tutti coloro che sono stati cos\u00ec duramente colpiti da questa tragedia, tra cui, purtroppo, anche molti bambini e ragazzi.<\/p>\n","protected":false},"author":4,"featured_media":1049,"comment_status":"closed","ping_status":"open","sticky":false,"template":"","format":"standard","meta":{"_acf_changed":false,"footnotes":""},"categories":[258],"tags":[116,113,114,115],"istituto":[],"partner":[],"class_list":["post-1048","post","type-post","status-publish","format-standard","has-post-thumbnail","hentry","category-attivita","tag-terremoto","tag-amatrice","tag-ricostruzione","tag-solidarieta"],"acf":[],"_links":{"self":[{"href":"https:\/\/www.gesuitieducazione.it\/en\/wp-json\/wp\/v2\/posts\/1048"}],"collection":[{"href":"https:\/\/www.gesuitieducazione.it\/en\/wp-json\/wp\/v2\/posts"}],"about":[{"href":"https:\/\/www.gesuitieducazione.it\/en\/wp-json\/wp\/v2\/types\/post"}],"author":[{"embeddable":true,"href":"https:\/\/www.gesuitieducazione.it\/en\/wp-json\/wp\/v2\/users\/4"}],"replies":[{"embeddable":true,"href":"https:\/\/www.gesuitieducazione.it\/en\/wp-json\/wp\/v2\/comments?post=1048"}],"version-history":[{"count":1,"href":"https:\/\/www.gesuitieducazione.it\/en\/wp-json\/wp\/v2\/posts\/1048\/revisions"}],"predecessor-version":[{"id":4592,"href":"https:\/\/www.gesuitieducazione.it\/en\/wp-json\/wp\/v2\/posts\/1048\/revisions\/4592"}],"wp:featuredmedia":[{"embeddable":true,"href":"https:\/\/www.gesuitieducazione.it\/en\/wp-json\/wp\/v2\/media\/1049"}],"wp:attachment":[{"href":"https:\/\/www.gesuitieducazione.it\/en\/wp-json\/wp\/v2\/media?parent=1048"}],"wp:term":[{"taxonomy":"category","embeddable":true,"href":"https:\/\/www.gesuitieducazione.it\/en\/wp-json\/wp\/v2\/categories?post=1048"},{"taxonomy":"post_tag","embeddable":true,"href":"https:\/\/www.gesuitieducazione.it\/en\/wp-json\/wp\/v2\/tags?post=1048"},{"taxonomy":"istituto","embeddable":true,"href":"https:\/\/www.gesuitieducazione.it\/en\/wp-json\/wp\/v2\/istituto?post=1048"},{"taxonomy":"partner","embeddable":true,"href":"https:\/\/www.gesuitieducazione.it\/en\/wp-json\/wp\/v2\/partner?post=1048"}],"curies":[{"name":"wp","href":"https:\/\/api.w.org\/{rel}","templated":true}]}}