{"id":1013,"date":"2016-06-12T09:46:11","date_gmt":"2016-06-12T07:46:11","guid":{"rendered":"http:\/\/educazione.gesuiti.it\/?p=1013"},"modified":"2016-06-12T09:46:11","modified_gmt":"2016-06-12T07:46:11","slug":"roma-un-fine-settimana-carico-di-fe-y-alegria","status":"publish","type":"post","link":"https:\/\/www.gesuitieducazione.it\/en\/roma-un-fine-settimana-carico-di-fe-y-alegria\/","title":{"rendered":"Roma. Un fine settimana carico di Fe y Alegr\u00eca"},"content":{"rendered":"<p>Il giorno seguente, domenica 29 maggio, si \u00e8 svolto il corso di aggiornamento presso l\u2019Universit\u00e0 Pontificia Gregoriana condotto da Padre Vitangelo Denora, Direttore nazionale della Rete e da Padre Teresio Gianuzzi, Direttore del CEFAEGI, (Centro di Formazione per l\u2019Attivit\u00e0 Educativa dei Gesuiti d\u2019Italia). Il gruppo in formazione, composto da 28 persone, appartenenti \u00a0\u00a0al personale amministrativo e al personale docente delle sedi delle Scuole di Fe y Alegria di Roma, Milano e Genova, festeggiando il recente ingresso della Rete italiana nella Rete internazionale delle Scuole di Fe y Alegria, ha riflettuto sull\u2019identit\u00e0 e la missione delle Scuole nel contesto italiano ed alla luce della Pedagogia ignaziana. E\u2019 stata una giornata di formazione piena d\u2019entusiasmo, in cui l\u2019orizzonte di riferimento della missione di Fe y Alegria \u00e8 entrato in risonanza con la vita di ciascuna persona e con la realt\u00e0 di ciascuna Scuola. Al termine della giornata il gruppo ha redatto un documento di sintesi in cui \u00e8 stato messo a fuoco l\u2019orizzonte verso il quale muoversi come Fe y Alegria Italia, con particolare riguardo all\u2019uomo ed al cristiano che si desidera formare, al tipo di Scuola e di Educazione che si desidera costruire, per una societ\u00e0 giusta e fraterna. Uno dei momenti pi\u00f9 toccanti dell\u2019incontro \u00e8 stato il racconto, sotto forma di favola, storia o poesia, che ciascun partecipante \u00e8 stato invitato a scrivere ed ambientare nel proprio lavoro o attivit\u00e0, immaginandosi protagonista insieme a Dio. La condivisione delle storie scritte \u00e8 stato un momento di commozione profonda, nel quale si \u00e8 \u00a0potuto toccare con mano come \u00a0la fede guida il cammino di ognuno di noi e come DIO agisce su ogni passo che facciamo con amore.<\/p>\n<p>Abbiamo passato un fine settimana meraviglioso, nel quale abbiamo acquisito maggiore consapevolezza dei nostri valori forti, dell\u2019importanza del lavorare in rete e dell\u2019essere in movimento continuo per leggere nuovi bisogni e nuove frontiere. Ognuno di noi ha sentito risuonare dentro di s\u00e9 le parole del Fondatore: <em>\u201cFE Y ALEGRIA vuole formare uomini coscienti del mondo in cui vivono, per i quali la vita sia concepita come un servizio verso gli altri, specialmente verso i pi\u00f9 bisognosi \u201d. Padre Jos\u00e9 Mara V\u00e9laz.<\/em><\/p>\n","protected":false},"excerpt":{"rendered":"<p>Sabato 28 maggio si sono dati appuntamento i docenti ed il personale amministrativo della Rete di FE Y ALEGRIA ITALIA ospitati a Roma, alla Residenza Sant\u2019Ignazio da Padre Massimo Nevola.<\/p>\n","protected":false},"author":4,"featured_media":1014,"comment_status":"closed","ping_status":"open","sticky":false,"template":"","format":"standard","meta":{"_acf_changed":false,"footnotes":""},"categories":[11,13,32,99,9,10],"tags":[59,69],"istituto":[],"partner":[],"class_list":["post-1013","post","type-post","status-publish","format-standard","has-post-thumbnail","hentry","category-educazione","category-provincia-d-italia","category-provincia-ditalia","category-formazione-docenti","category-gesuiti-educazione","category-notizie","tag-formazione","tag-fe-y-alegria"],"acf":[],"_links":{"self":[{"href":"https:\/\/www.gesuitieducazione.it\/en\/wp-json\/wp\/v2\/posts\/1013"}],"collection":[{"href":"https:\/\/www.gesuitieducazione.it\/en\/wp-json\/wp\/v2\/posts"}],"about":[{"href":"https:\/\/www.gesuitieducazione.it\/en\/wp-json\/wp\/v2\/types\/post"}],"author":[{"embeddable":true,"href":"https:\/\/www.gesuitieducazione.it\/en\/wp-json\/wp\/v2\/users\/4"}],"replies":[{"embeddable":true,"href":"https:\/\/www.gesuitieducazione.it\/en\/wp-json\/wp\/v2\/comments?post=1013"}],"version-history":[{"count":0,"href":"https:\/\/www.gesuitieducazione.it\/en\/wp-json\/wp\/v2\/posts\/1013\/revisions"}],"wp:featuredmedia":[{"embeddable":true,"href":"https:\/\/www.gesuitieducazione.it\/en\/wp-json\/wp\/v2\/media\/1014"}],"wp:attachment":[{"href":"https:\/\/www.gesuitieducazione.it\/en\/wp-json\/wp\/v2\/media?parent=1013"}],"wp:term":[{"taxonomy":"category","embeddable":true,"href":"https:\/\/www.gesuitieducazione.it\/en\/wp-json\/wp\/v2\/categories?post=1013"},{"taxonomy":"post_tag","embeddable":true,"href":"https:\/\/www.gesuitieducazione.it\/en\/wp-json\/wp\/v2\/tags?post=1013"},{"taxonomy":"istituto","embeddable":true,"href":"https:\/\/www.gesuitieducazione.it\/en\/wp-json\/wp\/v2\/istituto?post=1013"},{"taxonomy":"partner","embeddable":true,"href":"https:\/\/www.gesuitieducazione.it\/en\/wp-json\/wp\/v2\/partner?post=1013"}],"curies":[{"name":"wp","href":"https:\/\/api.w.org\/{rel}","templated":true}]}}